{"id":1472,"date":"2021-06-24T11:53:31","date_gmt":"2021-06-24T11:53:31","guid":{"rendered":"https:\/\/jurgeneit.de\/?p=1472"},"modified":"2021-08-04T08:36:38","modified_gmt":"2021-08-04T08:36:38","slug":"beduerfnisorientierte-fuehrung","status":"publish","type":"post","link":"https:\/\/jurgeneit.de\/index.php\/beduerfnisorientierte-fuehrung\/","title":{"rendered":"Bed\u00fcrfnisorientierte F\u00fchrung &#8211; was hei\u00dft das?"},"content":{"rendered":"\n<p>Oder: Von der Haltung hinter der F\u00fchrung.<\/p>\n\n\n\n<p>Das Thema Bed\u00fcrfnisse im Arbeitskontext begleitet mich nun schon eine Weile. In regelm\u00e4\u00dfigen Abst\u00e4nden reflektiere ich f\u00fcr mich, was es bedeutet, ein Team bed\u00fcrfnisorientiert zu f\u00fchren. Ich komme dabei immer mehr zu dem Schluss, dass mir die Darstellung dieses komplexen Themas oft zu einseitig erscheint. Heute stelle ich Ihnen daher gern einmal meine Gedanken dazu vor. Und ich bin gespannt auf Ihre Reaktionen! Ich nehme schon einmal vorweg, dass das Thema an sich zu weitreichend f\u00fcr einen einzelnen Blog-Beitrag ist. Vielleicht wird ja eine kleine Serie daraus. Der Fokus heute liegt zun\u00e4chst einmal auf dem Thema \u201eF\u00fchrungskraft\u201c. Es geht also um den Menschen, der f\u00fchrt.<\/p>\n\n\n\n<h3>Bed\u00fcrfnisse &#8211; Werte &#8211; Motive &#8211; &#8230;<\/h3>\n\n\n\n<p>Wenn ich an dieser Stelle von Bed\u00fcrfnissen schreibe, dann meine ich damit die Werte oder die Antreiber oder die Motive, die einen Menschen leiten, so zu handeln, wie er*sie es tut. Es gibt unz\u00e4hlige synonym oder bedeutungs\u00e4hnlich gebrauchte Begriffe. Jede*r w\u00e4hlt den, der am besten zu ihm*ihr passt. Die Grundbed\u00fcrfnisse, die als Basis vieler Darstellungen dienen, werden gut nachvollziehbar in der Pyramide von Maslow dargestellt. Es geht um Sicherheit, Anerkennung, geistige Entfaltung und vieles mehr. An dem Wort \u201eBed\u00fcrfnis\u201c mag ich, dass ich damit etwas urspr\u00fcngliches, ganz tief verwurzelt assoziiere. Bed\u00fcrfnisse eines Menschen sind da und lassen sich nicht wegreden. An dieser Stelle sei erw\u00e4hnt, dass unsere individuell ausgepr\u00e4gten Grundbed\u00fcrfnisse*Werte*Motive \u00fcbrigens \u00fcber die Lebensdauer hinweg recht stabil sind. Etwa ab einem Alter von 25 ver\u00e4ndern sich nur noch die Auspr\u00e4gungen, die Grundpers\u00f6nlichkeit, die sich aus den Werten bildet, bleibt in der Regel bestehen.<\/p>\n\n\n\n<h3>Leitmotive<\/h3>\n\n\n\n<p>Es ist nicht meine eigene Idee wenn ich behaupte, dass Bed\u00fcrfnisse unser Handeln st\u00e4rker und m\u00e4chtiger bestimmen, als manch eine*r das wahrhaben m\u00f6chte. Entgegen dieser Macht zu handeln kostet viel Kraft und ist meist nur \u00fcber einen begrenzten Zeitraum erfolgreich. Dies haben auch Coaches, Trainer*innen und Autor*innen von Ratgebern f\u00fcr F\u00fchrungskr\u00e4ften erkannt und nutzen die Erkenntnis zur Schulung der \u201ebed\u00fcrfnisorientierten F\u00fchrung\u201c. Die F\u00fchrungskraft soll mithilfe von Fragetechniken oder Frageb\u00f6gen erkennen, welche Bed\u00fcrfnisse die Mitarbeiter*innnen haben, um diese effektiver motivieren zu k\u00f6nnen. Bitte nicht falsch verstehen, ich bef\u00fcrworte das sehr! Ich bin ein gro\u00dfer Fan von dem werteorientierten Pers\u00f6nlichkeitstest <a href=\"https:\/\/www.profiledynamics.com\/de\/\" target=\"_blank\" rel=\"noreferrer noopener\">Profile Dynamics<\/a>. Und gleichzeitig ist es wichtig zu verstehen, <em>wie<\/em> wir diese Methoden einsetzen. <\/p>\n\n\n\n<h3>Was ich aus den Ratgebern lese<\/h3>\n\n\n\n<p>F\u00fchrungskr\u00e4fte k\u00f6nnen relativ leicht erlernen, wie sie bed\u00fcrfnisorientiert f\u00fchren. Sie lesen dann in etwa folgende Idee: <em>Erreichen Sie ihre ziel- und wettkampforientierte Mitarbeiterin X dar\u00fcber, dass Sie ihr mehr Prestige in Aussicht stellen. Ihr familienorientierter Mitarbeiter Y w\u00fcnscht sich mehr Zeit mit seinen Kindern und erh\u00e4lt daher von Ihnen einen Zeitausgleich als Anreiz f\u00fcr bessere Leistung. <\/em>Ich stelle das Vorgehen absichtlich an dieser Stelle so plakativ dar, da es mir immer wieder genau so manipulativ und einseitig begegnet. Ich habe ein Ziel, setze einen individuellen Reiz und steuer damit den*die Mitarbeiter*in. Das ist aus meiner Sicht genau das Gegenteil von dem, wie wir mit den Bed\u00fcrfnissen*Werten*Motiven\u2026 unserer Mitarbeiter*innen umgehen sollten. <\/p>\n\n\n\n<h3>Was stattdessen?<\/h3>\n\n\n\n<p>Ein erster Knackpunkt liegt f\u00fcr mich in der Haltung, die meine eigene Rolle als F\u00fchrungsperson tr\u00e4gt. F\u00fcr mich besteht der Kern des ganzen Ansatzes darin, dass alle Beteiligten einer humanistische Grundhaltung folgen sollten. Dies bedeutet eine zutiefst wertsch\u00e4tzende Begegnung mit den Menschen in unserem Team. Und zwar bedingungslos und ohne Hintergedanken. Wir sch\u00e4tzen jede*n f\u00fcr das wie er*sie ist. Nat\u00fcrlich m\u00fcssen wir im n\u00e4chsten Schritt schauen, wie wir diese Pers\u00f6nlichkeit dann bestm\u00f6glich im Team und im Unternehmen unterbringen und f\u00f6rdern. Aber wir \u201ebe\u201cnutzen die Bed\u00fcrfnisse nicht dazu, sondern erkennen an, dass sie da sind. Deswegen ist es auch irref\u00fchrend zu sagen, dass wir uns an den Bed\u00fcrfnissen orientieren.&nbsp;<\/p>\n\n\n\n<h3>\u00dcber den Begriff: Bed\u00fcrfnisorientierung<\/h3>\n\n\n\n<p>Ich pers\u00f6nlich hadere daher mit dem zweiten Teil des Begriffs &#8211; mit der Orientierung. Aus meiner Sicht geht es nicht darum, dass wir uns an Bed\u00fcrfnissen orientieren. Der Schl\u00fcssel liegt darin, dass verschiedene Bed\u00fcrfnisse anerkannt werden. Der Begriff der Wertsch\u00e4tzung in seiner w\u00f6rtlichen Bedeutung liegt mir daher in dem Moment n\u00e4her. Werte wert sch\u00e4tzen. Vielleicht w\u00e4re \u201eBed\u00fcrfnis anerkennende F\u00fchrung\u201c ein passender Begriff &#8211; klingt aber sehr sperrig. Vielleicht haben Sie eine gute Idee dazu? <\/p>\n\n\n\n<p>Wie die konkrete Zusammenarbeit innerhalb dieses Gedankenexperimentes aussieht und was die Orientierung von der Anerkennung unterscheidet, m\u00f6chte ich &#8211; wie bereits oben angek\u00fcndigt &#8211; an anderer Stelle vertiefen. Mir geht es nach wie vor um die F\u00fchrungskraft &#8211; also den Menschen, der f\u00fchrt. Und jetzt kommt der f\u00fcr mich entscheidende Punkt: <\/p>\n\n\n\n<h3>Wertsch\u00e4tzung und Bed\u00fcrfnisorientierung sind keine Einbahnstra\u00dfe! <\/h3>\n\n\n\n<p>Ach&#8230;?!<\/p>\n\n\n\n<p>Wenn sich eine F\u00fchrungskraft oder ein Managementteam f\u00fcr die Bed\u00fcrfnisse der Mitarbeiter*innen (\u2026und Kund*innen) interessiert, dann bedeutet echte Wertsch\u00e4tzung f\u00fcr mich, dass auch die Leitung ihre Bed\u00fcrfnisse offen legt. Wof\u00fcr stehe ich als F\u00fchrungsmensch, was kann mein Team von mir erwarten (und was nicht), was ist mir pers\u00f6nlich wichtig. Durch die Transparenz auf beiden Seiten kann Vertrauen und eine echte bed\u00fcrfnisbasierte Zusammenarbeit entstehen. Wenn ich die bed\u00fcrfnisorientierte F\u00fchrung nicht als Methode, sondern als Grundhaltung anerkenne, entsteht eine ganz neue Perspektive. Dies nimmt aus meiner Sicht einen Gro\u00dfteil des manipulativen Charakters, denn so begegnen sich alle auf Augenh\u00f6he. Jede*r zeigt sich, wie er*sie ist.&nbsp;Und das erfordert Mut. Und das er\u00f6ffnet Chancen. Auf allen Seiten.<\/p>\n\n\n\n<h3>Was f\u00fcr ein Gewinn!<\/h3>\n\n\n\n<p>Der Gewinn liegt f\u00fcr mich darin, dass aus dieser Haltung heraus eine vertrauensvolle Zusammenarbeit aller Beteiligten entstehen kann. Die F\u00fchrung wird als Individuum sichtbar und die Handlungen nachvollziehbar. Und ist das nicht auch etwas, was sich Mitarbeiter*innen w\u00fcnschen? In meinen Coachingsitzungen h\u00f6re ich immer wieder folgenden Satz \u201e<em>Die alte Chefin war zwar schwierig, aber ich wusste immer woran ich bin.<\/em>\u201c Es geht also vielleicht gar nicht immer darum wie man ist, sondern dass man authentisch und ein St\u00fcck weit greifbar ist. Dass ich mich als Team darauf verlassen kann, wof\u00fcr der*die Chef*in steht. <br>Bed\u00fcrfnisorientierte F\u00fchrung richtet sich als F\u00fchrungsperson also nicht nur an mein Team, sondern auch an mich selbst.<\/p>\n\n\n\n<p>Wenn ein Unternehmen das so lebt, dann wird ein echtes werte-sch\u00e4tzendes und werte-lebendes Unternehmen daraus.&nbsp;Spannend, oder?<\/p>\n\n\n\n<h3>Was fehlt<\/h3>\n\n\n\n<p>Auch wenn ich den Blog-Beitrag mit diesem Gedanken schlie\u00dfe, bleiben viele interessante Fragen zu weiteren Aspekten des Themas offen. Wie kann ich die Bed\u00fcrfnisse aller gleicherma\u00dfen wertsch\u00e4tzen, woran richten sich die Ziele des Unternehmens aus, was passiert wenn die Bed\u00fcrfnisse einzelner kontr\u00e4r zueinander stehen, welche Bed\u00fcrfnisse haben die Kunden und wie bringe ich die gesellschaftliche Verantwortung noch mit rein&#8230; Ich bleibe dran und berichte bald mehr.  <\/p>\n","protected":false},"excerpt":{"rendered":"<p>Von der Haltung hinter der F\u00fchrung. In regelm\u00e4\u00dfigen Abst\u00e4nden reflektiere ich f\u00fcr mich, was es bedeutet, ein Team bed\u00fcrfnisorientiert zu f\u00fchren. Ich komme dabei immer mehr zu dem Schluss, dass mir die Darstellung dieses komplexen Themas oft zu einseitig erscheint. Heute stelle ich Ihnen daher gern einmal meine Gedanken dazu vor. <\/p>\n","protected":false},"author":2,"featured_media":1477,"comment_status":"open","ping_status":"closed","sticky":false,"template":"","format":"standard","meta":{"_et_pb_use_builder":"","_et_pb_old_content":"","_et_gb_content_width":"","inline_featured_image":false},"categories":[37,18,11,20],"tags":[41,25,33,39,32],"yoast_head":"<!-- This site is optimized with the Yoast SEO plugin v19.4 - https:\/\/yoast.com\/wordpress\/plugins\/seo\/ -->\n<title>Bed\u00fcrfnisorientierte F\u00fchrung - was hei\u00dft das? - Imke Jurgeneit<\/title>\n<meta name=\"description\" content=\"Von der Haltung hinter der F\u00fchrung. In regelm\u00e4\u00dfigen Abst\u00e4nden reflektiere ich f\u00fcr mich, was es bedeutet, ein Team bed\u00fcrfnisorientiert zu f\u00fchren. Ich komme dabei immer mehr zu dem Schluss, dass mir die Darstellung dieses komplexen Themas oft zu einseitig erscheint. Heute stelle ich Ihnen daher gern einmal meine Gedanken dazu vor.\" \/>\n<meta name=\"robots\" content=\"index, follow, max-snippet:-1, max-image-preview:large, max-video-preview:-1\" \/>\n<link rel=\"canonical\" href=\"https:\/\/jurgeneit.de\/index.php\/beduerfnisorientierte-fuehrung\/\" \/>\n<meta property=\"og:locale\" content=\"de_DE\" \/>\n<meta property=\"og:type\" content=\"article\" \/>\n<meta property=\"og:title\" content=\"Bed\u00fcrfnisorientierte F\u00fchrung - was hei\u00dft das? - Imke Jurgeneit\" \/>\n<meta property=\"og:description\" content=\"Von der Haltung hinter der F\u00fchrung. In regelm\u00e4\u00dfigen Abst\u00e4nden reflektiere ich f\u00fcr mich, was es bedeutet, ein Team bed\u00fcrfnisorientiert zu f\u00fchren. Ich komme dabei immer mehr zu dem Schluss, dass mir die Darstellung dieses komplexen Themas oft zu einseitig erscheint. Heute stelle ich Ihnen daher gern einmal meine Gedanken dazu vor.\" \/>\n<meta property=\"og:url\" content=\"https:\/\/jurgeneit.de\/index.php\/beduerfnisorientierte-fuehrung\/\" \/>\n<meta property=\"og:site_name\" content=\"Imke Jurgeneit\" \/>\n<meta property=\"article:published_time\" content=\"2021-06-24T11:53:31+00:00\" \/>\n<meta property=\"article:modified_time\" content=\"2021-08-04T08:36:38+00:00\" \/>\n<meta property=\"og:image\" content=\"https:\/\/jurgeneit.de\/wp-content\/uploads\/2021\/06\/Bedu\u0308rfnisse_Vorschaubild-1.jpg\" \/>\n\t<meta property=\"og:image:width\" content=\"1200\" \/>\n\t<meta property=\"og:image:height\" content=\"628\" \/>\n\t<meta property=\"og:image:type\" content=\"image\/jpeg\" \/>\n<meta name=\"author\" content=\"Imke\" \/>\n<meta name=\"twitter:card\" content=\"summary_large_image\" \/>\n<meta name=\"twitter:label1\" content=\"Verfasst von\" \/>\n\t<meta name=\"twitter:data1\" content=\"Imke\" \/>\n\t<meta name=\"twitter:label2\" content=\"Gesch\u00e4tzte Lesezeit\" \/>\n\t<meta name=\"twitter:data2\" content=\"5\u00a0Minuten\" \/>\n<script type=\"application\/ld+json\" class=\"yoast-schema-graph\">{\"@context\":\"https:\/\/schema.org\",\"@graph\":[{\"@type\":\"WebSite\",\"@id\":\"https:\/\/jurgeneit.de\/#website\",\"url\":\"https:\/\/jurgeneit.de\/\",\"name\":\"Imke Jurgeneit\",\"description\":\"Coaching und Training\",\"potentialAction\":[{\"@type\":\"SearchAction\",\"target\":{\"@type\":\"EntryPoint\",\"urlTemplate\":\"https:\/\/jurgeneit.de\/?s={search_term_string}\"},\"query-input\":\"required name=search_term_string\"}],\"inLanguage\":\"de\"},{\"@type\":\"WebPage\",\"@id\":\"https:\/\/jurgeneit.de\/index.php\/beduerfnisorientierte-fuehrung\/\",\"url\":\"https:\/\/jurgeneit.de\/index.php\/beduerfnisorientierte-fuehrung\/\",\"name\":\"Bed\u00fcrfnisorientierte F\u00fchrung - was hei\u00dft das? - Imke Jurgeneit\",\"isPartOf\":{\"@id\":\"https:\/\/jurgeneit.de\/#website\"},\"datePublished\":\"2021-06-24T11:53:31+00:00\",\"dateModified\":\"2021-08-04T08:36:38+00:00\",\"author\":{\"@id\":\"https:\/\/jurgeneit.de\/#\/schema\/person\/d355f8796f6a5df5fc2857cdbed56bd7\"},\"description\":\"Von der Haltung hinter der F\u00fchrung. In regelm\u00e4\u00dfigen Abst\u00e4nden reflektiere ich f\u00fcr mich, was es bedeutet, ein Team bed\u00fcrfnisorientiert zu f\u00fchren. Ich komme dabei immer mehr zu dem Schluss, dass mir die Darstellung dieses komplexen Themas oft zu einseitig erscheint. Heute stelle ich Ihnen daher gern einmal meine Gedanken dazu vor.\",\"breadcrumb\":{\"@id\":\"https:\/\/jurgeneit.de\/index.php\/beduerfnisorientierte-fuehrung\/#breadcrumb\"},\"inLanguage\":\"de\",\"potentialAction\":[{\"@type\":\"ReadAction\",\"target\":[\"https:\/\/jurgeneit.de\/index.php\/beduerfnisorientierte-fuehrung\/\"]}]},{\"@type\":\"BreadcrumbList\",\"@id\":\"https:\/\/jurgeneit.de\/index.php\/beduerfnisorientierte-fuehrung\/#breadcrumb\",\"itemListElement\":[{\"@type\":\"ListItem\",\"position\":1,\"name\":\"Startseite\",\"item\":\"https:\/\/jurgeneit.de\/\"},{\"@type\":\"ListItem\",\"position\":2,\"name\":\"Bed\u00fcrfnisorientierte F\u00fchrung &#8211; was hei\u00dft das?\"}]},{\"@type\":\"Person\",\"@id\":\"https:\/\/jurgeneit.de\/#\/schema\/person\/d355f8796f6a5df5fc2857cdbed56bd7\",\"name\":\"Imke\",\"image\":{\"@type\":\"ImageObject\",\"inLanguage\":\"de\",\"@id\":\"https:\/\/jurgeneit.de\/#\/schema\/person\/image\/\",\"url\":\"https:\/\/secure.gravatar.com\/avatar\/19096fd8e12c23be0fa4b719a16e7048?s=96&d=mm&r=g\",\"contentUrl\":\"https:\/\/secure.gravatar.com\/avatar\/19096fd8e12c23be0fa4b719a16e7048?s=96&d=mm&r=g\",\"caption\":\"Imke\"},\"url\":\"https:\/\/jurgeneit.de\/index.php\/author\/imke\/\"}]}<\/script>\n<!-- \/ Yoast SEO plugin. -->","yoast_head_json":{"title":"Bed\u00fcrfnisorientierte F\u00fchrung - was hei\u00dft das? - Imke Jurgeneit","description":"Von der Haltung hinter der F\u00fchrung. In regelm\u00e4\u00dfigen Abst\u00e4nden reflektiere ich f\u00fcr mich, was es bedeutet, ein Team bed\u00fcrfnisorientiert zu f\u00fchren. Ich komme dabei immer mehr zu dem Schluss, dass mir die Darstellung dieses komplexen Themas oft zu einseitig erscheint. Heute stelle ich Ihnen daher gern einmal meine Gedanken dazu vor.","robots":{"index":"index","follow":"follow","max-snippet":"max-snippet:-1","max-image-preview":"max-image-preview:large","max-video-preview":"max-video-preview:-1"},"canonical":"https:\/\/jurgeneit.de\/index.php\/beduerfnisorientierte-fuehrung\/","og_locale":"de_DE","og_type":"article","og_title":"Bed\u00fcrfnisorientierte F\u00fchrung - was hei\u00dft das? - Imke Jurgeneit","og_description":"Von der Haltung hinter der F\u00fchrung. In regelm\u00e4\u00dfigen Abst\u00e4nden reflektiere ich f\u00fcr mich, was es bedeutet, ein Team bed\u00fcrfnisorientiert zu f\u00fchren. Ich komme dabei immer mehr zu dem Schluss, dass mir die Darstellung dieses komplexen Themas oft zu einseitig erscheint. Heute stelle ich Ihnen daher gern einmal meine Gedanken dazu vor.","og_url":"https:\/\/jurgeneit.de\/index.php\/beduerfnisorientierte-fuehrung\/","og_site_name":"Imke Jurgeneit","article_published_time":"2021-06-24T11:53:31+00:00","article_modified_time":"2021-08-04T08:36:38+00:00","og_image":[{"width":1200,"height":628,"url":"https:\/\/jurgeneit.de\/wp-content\/uploads\/2021\/06\/Bedu\u0308rfnisse_Vorschaubild-1.jpg","type":"image\/jpeg"}],"author":"Imke","twitter_card":"summary_large_image","twitter_misc":{"Verfasst von":"Imke","Gesch\u00e4tzte Lesezeit":"5\u00a0Minuten"},"schema":{"@context":"https:\/\/schema.org","@graph":[{"@type":"WebSite","@id":"https:\/\/jurgeneit.de\/#website","url":"https:\/\/jurgeneit.de\/","name":"Imke Jurgeneit","description":"Coaching und Training","potentialAction":[{"@type":"SearchAction","target":{"@type":"EntryPoint","urlTemplate":"https:\/\/jurgeneit.de\/?s={search_term_string}"},"query-input":"required name=search_term_string"}],"inLanguage":"de"},{"@type":"WebPage","@id":"https:\/\/jurgeneit.de\/index.php\/beduerfnisorientierte-fuehrung\/","url":"https:\/\/jurgeneit.de\/index.php\/beduerfnisorientierte-fuehrung\/","name":"Bed\u00fcrfnisorientierte F\u00fchrung - was hei\u00dft das? - Imke Jurgeneit","isPartOf":{"@id":"https:\/\/jurgeneit.de\/#website"},"datePublished":"2021-06-24T11:53:31+00:00","dateModified":"2021-08-04T08:36:38+00:00","author":{"@id":"https:\/\/jurgeneit.de\/#\/schema\/person\/d355f8796f6a5df5fc2857cdbed56bd7"},"description":"Von der Haltung hinter der F\u00fchrung. In regelm\u00e4\u00dfigen Abst\u00e4nden reflektiere ich f\u00fcr mich, was es bedeutet, ein Team bed\u00fcrfnisorientiert zu f\u00fchren. Ich komme dabei immer mehr zu dem Schluss, dass mir die Darstellung dieses komplexen Themas oft zu einseitig erscheint. Heute stelle ich Ihnen daher gern einmal meine Gedanken dazu vor.","breadcrumb":{"@id":"https:\/\/jurgeneit.de\/index.php\/beduerfnisorientierte-fuehrung\/#breadcrumb"},"inLanguage":"de","potentialAction":[{"@type":"ReadAction","target":["https:\/\/jurgeneit.de\/index.php\/beduerfnisorientierte-fuehrung\/"]}]},{"@type":"BreadcrumbList","@id":"https:\/\/jurgeneit.de\/index.php\/beduerfnisorientierte-fuehrung\/#breadcrumb","itemListElement":[{"@type":"ListItem","position":1,"name":"Startseite","item":"https:\/\/jurgeneit.de\/"},{"@type":"ListItem","position":2,"name":"Bed\u00fcrfnisorientierte F\u00fchrung &#8211; was hei\u00dft das?"}]},{"@type":"Person","@id":"https:\/\/jurgeneit.de\/#\/schema\/person\/d355f8796f6a5df5fc2857cdbed56bd7","name":"Imke","image":{"@type":"ImageObject","inLanguage":"de","@id":"https:\/\/jurgeneit.de\/#\/schema\/person\/image\/","url":"https:\/\/secure.gravatar.com\/avatar\/19096fd8e12c23be0fa4b719a16e7048?s=96&d=mm&r=g","contentUrl":"https:\/\/secure.gravatar.com\/avatar\/19096fd8e12c23be0fa4b719a16e7048?s=96&d=mm&r=g","caption":"Imke"},"url":"https:\/\/jurgeneit.de\/index.php\/author\/imke\/"}]}},"_links":{"self":[{"href":"https:\/\/jurgeneit.de\/index.php\/wp-json\/wp\/v2\/posts\/1472"}],"collection":[{"href":"https:\/\/jurgeneit.de\/index.php\/wp-json\/wp\/v2\/posts"}],"about":[{"href":"https:\/\/jurgeneit.de\/index.php\/wp-json\/wp\/v2\/types\/post"}],"author":[{"embeddable":true,"href":"https:\/\/jurgeneit.de\/index.php\/wp-json\/wp\/v2\/users\/2"}],"replies":[{"embeddable":true,"href":"https:\/\/jurgeneit.de\/index.php\/wp-json\/wp\/v2\/comments?post=1472"}],"version-history":[{"count":5,"href":"https:\/\/jurgeneit.de\/index.php\/wp-json\/wp\/v2\/posts\/1472\/revisions"}],"predecessor-version":[{"id":1793,"href":"https:\/\/jurgeneit.de\/index.php\/wp-json\/wp\/v2\/posts\/1472\/revisions\/1793"}],"wp:featuredmedia":[{"embeddable":true,"href":"https:\/\/jurgeneit.de\/index.php\/wp-json\/wp\/v2\/media\/1477"}],"wp:attachment":[{"href":"https:\/\/jurgeneit.de\/index.php\/wp-json\/wp\/v2\/media?parent=1472"}],"wp:term":[{"taxonomy":"category","embeddable":true,"href":"https:\/\/jurgeneit.de\/index.php\/wp-json\/wp\/v2\/categories?post=1472"},{"taxonomy":"post_tag","embeddable":true,"href":"https:\/\/jurgeneit.de\/index.php\/wp-json\/wp\/v2\/tags?post=1472"}],"curies":[{"name":"wp","href":"https:\/\/api.w.org\/{rel}","templated":true}]}}