{"id":1441,"date":"2021-05-19T09:05:53","date_gmt":"2021-05-19T09:05:53","guid":{"rendered":"https:\/\/jurgeneit.de\/?p=1441"},"modified":"2021-08-03T07:50:15","modified_gmt":"2021-08-03T07:50:15","slug":"reichweite-im-team","status":"publish","type":"post","link":"https:\/\/jurgeneit.de\/index.php\/reichweite-im-team\/","title":{"rendered":"Die Sache mit der Reichweite"},"content":{"rendered":"\n<p>Seit einigen Wochen versuche ich mich &#8211; aus gegebenen Anlass &#8211; mit Beitragsreichweite auf verschiedenen Social Media Kan\u00e4len auseinanderzusetzen. Gespannt verfolge ich, welcher meiner Posts wieviel Reichweite erlangt. Ich lese Tipps und probiere aus. Und obwohl es leicht nachzulesende Regeln gibt, und obwohl ich wei\u00df, dass es einen Algorithmus gibt, den man \u201eeinfach nur\u201c entschl\u00fcsseln muss, bleiben die Ergebnisse f\u00fcr mich unklar. Zum Teil werde ich positiv \u00fcberrascht, zum Teil entt\u00e4uscht. Genauso frage ich mich, wie ich es schaffen kann, dass ich Postings anderer auch au\u00dferhalb meiner \u201eBubble\u201c sehen kann. Wie ich meinen Blick offen halten kann, statt immer mehr vom gleichen zu bekommen.&nbsp;<\/p>\n\n\n\n<h3>Und im wahren Leben?!<\/h3>\n\n\n\n<p>W\u00e4hrend einer entspannten Zeit in der Natur am Wochenende, bin ich \u00fcber diese \u00dcberlegungen zu dem Gedanken gekommen, wie es eigentlich um die Reichweite im wahren Leben gestellt ist? In Unternehmen zum Beispiel&#8230; F\u00fcr mich eine mega spannende Frage!&nbsp;<\/p>\n\n\n\n<p>Wie sieht es bei Ihnen aus? Gibt es in Ihrem Team Regeln, wem, wie und wann zugeh\u00f6rt wird? Gibt es einen \u201eAlgorithmus\u201c, der Mitarbeiter*innen mit erfolgreichen Redebeitr\u00e4gen bevorzugt oder die, die am lautesten sind? Wird eher denen zugeh\u00f6rt, die den Trend bedienen oder denen, die eine neue Sichtweise vertreten? Wird Expertentum ber\u00fccksichtigt oder die Hierarchie? Die Betriebszugeh\u00f6rigkeit oder das Alter? Und welches Bild einer Situation entsteht durch diese Regeln im Team? Was wird auf dem Flurfunk geredet und was \u00fcber die offenen Kan\u00e4le kommuniziert? Stimmen die Geschichten \u00fcberein oder bilden sie verschiedene Wahrheiten ab? Wow, so viele Fragen! So viele individuelle M\u00f6glichkeiten!<\/p>\n\n\n\n<h3>Warum es wichtig ist, \u00fcber Reichweite nachzudenken&#8230;<\/h3>\n\n\n\n<p>Ich bin \u00fcberzeugt davon, dass sich ganz neue Potentiale entfalten, wenn man diesen Fragen im Team einmal auf den Grund geht. Ist das gemeinsame Wissen, das wir teilen, tats\u00e4chlich die Summe des vorhandenen Wissens im Team? Oder geht Expertise verloren, weil die Reichweite einzelner Mitarbeiter*innen nicht ausreicht, um geh\u00f6rt zu werden. Sehen wir noch neue Erkenntnisse oder werden unsere Annahmen immer wieder durch das best\u00e4tigt, was wir eh schon wissen. Zu \u00fcberlegen, wie man als Team die Reichweite eines*r jeden Einzelnen der Situation angemessen gestalten kann, um die Vielf\u00e4ltigkeit des gesamten Unternehmens zu zeigen, scheint mir ein spannender Ansatz zu sein.<\/p>\n\n\n\n<h3>Ich bin neugierig!<\/h3>\n\n\n\n<p>Mich interessiert brennend, wie es in Ihrem Unternehmen l\u00e4uft. Wer bekommt bei Ihnen die gr\u00f6\u00dfte Aufmerksamkeit, die Reichweite, die notwendig ist, um wahrgenommen zu werden? Was tun Sie daf\u00fcr, damit es einen transparenten und nachvollziehbaren Algorithmus gibt?&nbsp;<\/p>\n\n\n\n<p>M\u00f6gen Sie mir von Ihrer Geschichte berichten? Ich freue mich darauf!<\/p>\n","protected":false},"excerpt":{"rendered":"<p>Wie ist es um die Reichweite Ihrer Mitarbeiter*innen in Ihrem Unternehmen gestellt? Gibt es in Ihrem Team Regeln, wem, wie und wann zugeh\u00f6rt wird? Gibt es einen \u201eAlgorithmus\u201c, der Mitarbeiter*innen bevorzugt? <\/p>\n","protected":false},"author":2,"featured_media":1445,"comment_status":"open","ping_status":"closed","sticky":false,"template":"","format":"standard","meta":{"_et_pb_use_builder":"","_et_pb_old_content":"","_et_gb_content_width":"","inline_featured_image":false},"categories":[11,21],"tags":[31,25],"yoast_head":"<!-- This site is optimized with the Yoast SEO plugin v19.4 - https:\/\/yoast.com\/wordpress\/plugins\/seo\/ -->\n<title>Die Sache mit der Reichweite - Imke Jurgeneit<\/title>\n<meta name=\"description\" content=\"Wie ist es um die Reichweite Ihrer Mitarbeiter*innen in Ihrem Unternehmen gestellt? Gibt es in Ihrem Team Regeln, wem, wie und wann zugeh\u00f6rt wird? Gibt es einen \u201eAlgorithmus\u201c, der Mitarbeiter*innen bevorzugt?\" \/>\n<meta name=\"robots\" content=\"index, follow, max-snippet:-1, max-image-preview:large, max-video-preview:-1\" \/>\n<link rel=\"canonical\" href=\"https:\/\/jurgeneit.de\/index.php\/reichweite-im-team\/\" \/>\n<meta property=\"og:locale\" content=\"de_DE\" \/>\n<meta property=\"og:type\" content=\"article\" \/>\n<meta property=\"og:title\" content=\"Die Sache mit der Reichweite - Imke Jurgeneit\" \/>\n<meta property=\"og:description\" content=\"Wie ist es um die Reichweite Ihrer Mitarbeiter*innen in Ihrem Unternehmen gestellt? Gibt es in Ihrem Team Regeln, wem, wie und wann zugeh\u00f6rt wird? Gibt es einen \u201eAlgorithmus\u201c, der Mitarbeiter*innen bevorzugt?\" \/>\n<meta property=\"og:url\" content=\"https:\/\/jurgeneit.de\/index.php\/reichweite-im-team\/\" \/>\n<meta property=\"og:site_name\" content=\"Imke Jurgeneit\" \/>\n<meta property=\"article:published_time\" content=\"2021-05-19T09:05:53+00:00\" \/>\n<meta property=\"article:modified_time\" content=\"2021-08-03T07:50:15+00:00\" \/>\n<meta property=\"og:image\" content=\"https:\/\/jurgeneit.de\/wp-content\/uploads\/2021\/05\/Reichweite_Vorschaubild-1.jpg\" \/>\n\t<meta property=\"og:image:width\" content=\"1200\" \/>\n\t<meta property=\"og:image:height\" content=\"628\" \/>\n\t<meta property=\"og:image:type\" content=\"image\/jpeg\" \/>\n<meta name=\"author\" content=\"Imke\" \/>\n<meta name=\"twitter:card\" content=\"summary_large_image\" \/>\n<meta name=\"twitter:label1\" content=\"Verfasst von\" \/>\n\t<meta name=\"twitter:data1\" content=\"Imke\" \/>\n\t<meta name=\"twitter:label2\" content=\"Gesch\u00e4tzte Lesezeit\" \/>\n\t<meta name=\"twitter:data2\" content=\"2\u00a0Minuten\" \/>\n<script type=\"application\/ld+json\" class=\"yoast-schema-graph\">{\"@context\":\"https:\/\/schema.org\",\"@graph\":[{\"@type\":\"WebSite\",\"@id\":\"https:\/\/jurgeneit.de\/#website\",\"url\":\"https:\/\/jurgeneit.de\/\",\"name\":\"Imke Jurgeneit\",\"description\":\"Coaching und Training\",\"potentialAction\":[{\"@type\":\"SearchAction\",\"target\":{\"@type\":\"EntryPoint\",\"urlTemplate\":\"https:\/\/jurgeneit.de\/?s={search_term_string}\"},\"query-input\":\"required name=search_term_string\"}],\"inLanguage\":\"de\"},{\"@type\":\"WebPage\",\"@id\":\"https:\/\/jurgeneit.de\/index.php\/reichweite-im-team\/\",\"url\":\"https:\/\/jurgeneit.de\/index.php\/reichweite-im-team\/\",\"name\":\"Die Sache mit der Reichweite - Imke Jurgeneit\",\"isPartOf\":{\"@id\":\"https:\/\/jurgeneit.de\/#website\"},\"datePublished\":\"2021-05-19T09:05:53+00:00\",\"dateModified\":\"2021-08-03T07:50:15+00:00\",\"author\":{\"@id\":\"https:\/\/jurgeneit.de\/#\/schema\/person\/d355f8796f6a5df5fc2857cdbed56bd7\"},\"description\":\"Wie ist es um die Reichweite Ihrer Mitarbeiter*innen in Ihrem Unternehmen gestellt? Gibt es in Ihrem Team Regeln, wem, wie und wann zugeh\u00f6rt wird? Gibt es einen \u201eAlgorithmus\u201c, der Mitarbeiter*innen bevorzugt?\",\"breadcrumb\":{\"@id\":\"https:\/\/jurgeneit.de\/index.php\/reichweite-im-team\/#breadcrumb\"},\"inLanguage\":\"de\",\"potentialAction\":[{\"@type\":\"ReadAction\",\"target\":[\"https:\/\/jurgeneit.de\/index.php\/reichweite-im-team\/\"]}]},{\"@type\":\"BreadcrumbList\",\"@id\":\"https:\/\/jurgeneit.de\/index.php\/reichweite-im-team\/#breadcrumb\",\"itemListElement\":[{\"@type\":\"ListItem\",\"position\":1,\"name\":\"Startseite\",\"item\":\"https:\/\/jurgeneit.de\/\"},{\"@type\":\"ListItem\",\"position\":2,\"name\":\"Die Sache mit der Reichweite\"}]},{\"@type\":\"Person\",\"@id\":\"https:\/\/jurgeneit.de\/#\/schema\/person\/d355f8796f6a5df5fc2857cdbed56bd7\",\"name\":\"Imke\",\"image\":{\"@type\":\"ImageObject\",\"inLanguage\":\"de\",\"@id\":\"https:\/\/jurgeneit.de\/#\/schema\/person\/image\/\",\"url\":\"https:\/\/secure.gravatar.com\/avatar\/19096fd8e12c23be0fa4b719a16e7048?s=96&d=mm&r=g\",\"contentUrl\":\"https:\/\/secure.gravatar.com\/avatar\/19096fd8e12c23be0fa4b719a16e7048?s=96&d=mm&r=g\",\"caption\":\"Imke\"},\"url\":\"https:\/\/jurgeneit.de\/index.php\/author\/imke\/\"}]}<\/script>\n<!-- \/ Yoast SEO plugin. -->","yoast_head_json":{"title":"Die Sache mit der Reichweite - Imke Jurgeneit","description":"Wie ist es um die Reichweite Ihrer Mitarbeiter*innen in Ihrem Unternehmen gestellt? Gibt es in Ihrem Team Regeln, wem, wie und wann zugeh\u00f6rt wird? Gibt es einen \u201eAlgorithmus\u201c, der Mitarbeiter*innen bevorzugt?","robots":{"index":"index","follow":"follow","max-snippet":"max-snippet:-1","max-image-preview":"max-image-preview:large","max-video-preview":"max-video-preview:-1"},"canonical":"https:\/\/jurgeneit.de\/index.php\/reichweite-im-team\/","og_locale":"de_DE","og_type":"article","og_title":"Die Sache mit der Reichweite - Imke Jurgeneit","og_description":"Wie ist es um die Reichweite Ihrer Mitarbeiter*innen in Ihrem Unternehmen gestellt? Gibt es in Ihrem Team Regeln, wem, wie und wann zugeh\u00f6rt wird? Gibt es einen \u201eAlgorithmus\u201c, der Mitarbeiter*innen bevorzugt?","og_url":"https:\/\/jurgeneit.de\/index.php\/reichweite-im-team\/","og_site_name":"Imke Jurgeneit","article_published_time":"2021-05-19T09:05:53+00:00","article_modified_time":"2021-08-03T07:50:15+00:00","og_image":[{"width":1200,"height":628,"url":"https:\/\/jurgeneit.de\/wp-content\/uploads\/2021\/05\/Reichweite_Vorschaubild-1.jpg","type":"image\/jpeg"}],"author":"Imke","twitter_card":"summary_large_image","twitter_misc":{"Verfasst von":"Imke","Gesch\u00e4tzte Lesezeit":"2\u00a0Minuten"},"schema":{"@context":"https:\/\/schema.org","@graph":[{"@type":"WebSite","@id":"https:\/\/jurgeneit.de\/#website","url":"https:\/\/jurgeneit.de\/","name":"Imke Jurgeneit","description":"Coaching und Training","potentialAction":[{"@type":"SearchAction","target":{"@type":"EntryPoint","urlTemplate":"https:\/\/jurgeneit.de\/?s={search_term_string}"},"query-input":"required name=search_term_string"}],"inLanguage":"de"},{"@type":"WebPage","@id":"https:\/\/jurgeneit.de\/index.php\/reichweite-im-team\/","url":"https:\/\/jurgeneit.de\/index.php\/reichweite-im-team\/","name":"Die Sache mit der Reichweite - Imke Jurgeneit","isPartOf":{"@id":"https:\/\/jurgeneit.de\/#website"},"datePublished":"2021-05-19T09:05:53+00:00","dateModified":"2021-08-03T07:50:15+00:00","author":{"@id":"https:\/\/jurgeneit.de\/#\/schema\/person\/d355f8796f6a5df5fc2857cdbed56bd7"},"description":"Wie ist es um die Reichweite Ihrer Mitarbeiter*innen in Ihrem Unternehmen gestellt? Gibt es in Ihrem Team Regeln, wem, wie und wann zugeh\u00f6rt wird? Gibt es einen \u201eAlgorithmus\u201c, der Mitarbeiter*innen bevorzugt?","breadcrumb":{"@id":"https:\/\/jurgeneit.de\/index.php\/reichweite-im-team\/#breadcrumb"},"inLanguage":"de","potentialAction":[{"@type":"ReadAction","target":["https:\/\/jurgeneit.de\/index.php\/reichweite-im-team\/"]}]},{"@type":"BreadcrumbList","@id":"https:\/\/jurgeneit.de\/index.php\/reichweite-im-team\/#breadcrumb","itemListElement":[{"@type":"ListItem","position":1,"name":"Startseite","item":"https:\/\/jurgeneit.de\/"},{"@type":"ListItem","position":2,"name":"Die Sache mit der Reichweite"}]},{"@type":"Person","@id":"https:\/\/jurgeneit.de\/#\/schema\/person\/d355f8796f6a5df5fc2857cdbed56bd7","name":"Imke","image":{"@type":"ImageObject","inLanguage":"de","@id":"https:\/\/jurgeneit.de\/#\/schema\/person\/image\/","url":"https:\/\/secure.gravatar.com\/avatar\/19096fd8e12c23be0fa4b719a16e7048?s=96&d=mm&r=g","contentUrl":"https:\/\/secure.gravatar.com\/avatar\/19096fd8e12c23be0fa4b719a16e7048?s=96&d=mm&r=g","caption":"Imke"},"url":"https:\/\/jurgeneit.de\/index.php\/author\/imke\/"}]}},"_links":{"self":[{"href":"https:\/\/jurgeneit.de\/index.php\/wp-json\/wp\/v2\/posts\/1441"}],"collection":[{"href":"https:\/\/jurgeneit.de\/index.php\/wp-json\/wp\/v2\/posts"}],"about":[{"href":"https:\/\/jurgeneit.de\/index.php\/wp-json\/wp\/v2\/types\/post"}],"author":[{"embeddable":true,"href":"https:\/\/jurgeneit.de\/index.php\/wp-json\/wp\/v2\/users\/2"}],"replies":[{"embeddable":true,"href":"https:\/\/jurgeneit.de\/index.php\/wp-json\/wp\/v2\/comments?post=1441"}],"version-history":[{"count":5,"href":"https:\/\/jurgeneit.de\/index.php\/wp-json\/wp\/v2\/posts\/1441\/revisions"}],"predecessor-version":[{"id":1553,"href":"https:\/\/jurgeneit.de\/index.php\/wp-json\/wp\/v2\/posts\/1441\/revisions\/1553"}],"wp:featuredmedia":[{"embeddable":true,"href":"https:\/\/jurgeneit.de\/index.php\/wp-json\/wp\/v2\/media\/1445"}],"wp:attachment":[{"href":"https:\/\/jurgeneit.de\/index.php\/wp-json\/wp\/v2\/media?parent=1441"}],"wp:term":[{"taxonomy":"category","embeddable":true,"href":"https:\/\/jurgeneit.de\/index.php\/wp-json\/wp\/v2\/categories?post=1441"},{"taxonomy":"post_tag","embeddable":true,"href":"https:\/\/jurgeneit.de\/index.php\/wp-json\/wp\/v2\/tags?post=1441"}],"curies":[{"name":"wp","href":"https:\/\/api.w.org\/{rel}","templated":true}]}}